{"id":1789,"date":"2022-01-27T09:00:00","date_gmt":"2022-01-27T12:00:00","guid":{"rendered":"https:\/\/www.xlabs.com.br\/blog\/?p=1789"},"modified":"2023-02-10T19:12:08","modified_gmt":"2023-02-10T22:12:08","slug":"lgpd-e-a-protecao-de-dados","status":"publish","type":"post","link":"https:\/\/www.xlabs.com.br\/blog\/lgpd-e-a-protecao-de-dados\/","title":{"rendered":"LGPD e a prote\u00e7\u00e3o de dados"},"content":{"rendered":"\n<p>Hoje, dia 28 de Janeiro, \u00e9 comemorado o Dia Internacional da Prote\u00e7\u00e3o de Dados, e n\u00e3o poder\u00edamos deixar de falar sobre a LGPD e a prote\u00e7\u00e3o de dados. Em plena vig\u00eancia da Lei, \u00e9 de extrema import\u00e2ncia refor\u00e7ar sobre o que ela trata e quais cuidados voc\u00ea deve ter \u2013 seja como usu\u00e1rio ou empresa.<\/p>\n\n\n\n<p>Acreditamos que todos j\u00e1 devem ter ouvido falar sobre a LGPD, postamos anteriormente o artigo <strong><em><a href=\"https:\/\/www.xlabs.com.br\/blog\/voce-e-atento-a-protecao-dos-seus-dados\/\" target=\"_blank\" rel=\"noreferrer noopener\">Voc\u00ea \u00e9 atento \u00e0 prote\u00e7\u00e3o dos seus dados?<\/a><\/em><\/strong> onde abordamos a import\u00e2ncia de manter sempre a preocupa\u00e7\u00e3o com rela\u00e7\u00e3o a prote\u00e7\u00e3o de dados, e falamos um pouco sobre a Lei Geral de Prote\u00e7\u00e3o de Dados Pessoais.<\/p>\n\n\n\n<p>Se voc\u00ea deseja saber mais sobre a LGPD, acompanhe conosco este artigo at\u00e9 o final. Boa Leitura! =)<\/p>\n\n\n\n<p><\/p>\n\n\n\n<h3><strong>Autoridade Nacional de Prote\u00e7\u00e3o de Dados \u2013 ANPD<\/strong><\/h3>\n\n\n\n<p>Muitos s\u00f3 ouvem falar da LGPD, mas talvez nem imaginem que por tr\u00e1s dela h\u00e1 um \u00f3rg\u00e3o regulamentador chamado ANPD \u2013 ou <a href=\"https:\/\/www.gov.br\/anpd\/pt-br\" target=\"_blank\" rel=\"noreferrer noopener\">Autoridade Nacional de Prote\u00e7\u00e3o de Dados<\/a>. Essa autoridade tem no seu escopo zelar pela aplica\u00e7\u00e3o correta da LGPD e pelos dados pessoais da popula\u00e7\u00e3o brasileira, contando com autonomia t\u00e9cnica e cunho decisor para realizar fiscaliza\u00e7\u00f5es e elaborar regras relacionadas a prote\u00e7\u00e3o dos dados dos cidad\u00e3os, como: prote\u00e7\u00e3o, coleta, uso, armazenamento e distribui\u00e7\u00e3o das informa\u00e7\u00f5es.&nbsp;<\/p>\n\n\n\n<p>Em outras palavras, \u00e9 a ANPD que \u00e9 respons\u00e1vel por aplicar multas aos infratores que n\u00e3o seguirem a Lei Geral de Prote\u00e7\u00e3o de Dados Pessoais. No dia 28 de Outubro de 2021 foi aprovado o <a href=\"https:\/\/www.in.gov.br\/en\/web\/dou\/-\/resolucao-cd\/anpd-n-1-de-28-de-outubro-de-2021-355817513\" target=\"_blank\" rel=\"noreferrer noopener\">Regulamento do Processo de Fiscaliza\u00e7\u00e3o e do Processo Administrativo Sancionador no \u00e2mbito da ANPD<\/a>, que estabelece os procedimentos para uma fiscaliza\u00e7\u00e3o ativa, atuando no monitoramento e orienta\u00e7\u00e3o.<\/p>\n\n\n\n<p>As medidas de fiscaliza\u00e7\u00e3o entraram em vigor na data de publica\u00e7\u00e3o, e o primeiro monitoramento come\u00e7ou este ano, a partir de Janeiro. Todas as empresas devem ficar cada vez mais por dentro do assunto e investir em seguran\u00e7a da informa\u00e7\u00e3o.<\/p>\n\n\n\n<p>Uma curiosidade sobre a ANPD \u00e9 que ela tornou-se membro da <a href=\"https:\/\/www.redipd.org\/es\" target=\"_blank\" rel=\"noreferrer noopener\"><em>Red Iberoamericana de Protecci\u00f3n de Datos<\/em><\/a>, e com isso o Brasil conquistou o direito a voto. A RIPD \u00e9 um f\u00f3rum integrador que desenvolve iniciativas e projetos relacionados com a prote\u00e7\u00e3o de dados pessoais da Am\u00e9rica Latina, e re\u00fane tanto o setor p\u00fablico quanto o privado para a promo\u00e7\u00e3o de di\u00e1logo sobre o assunto.<\/p>\n\n\n\n<p><\/p>\n\n\n\n<h3><strong>Lei Geral de Prote\u00e7\u00e3o de Dados \u2013 LGPD<\/strong><\/h3>\n\n\n\n<p>A <a href=\"http:\/\/legislacao.planalto.gov.br\/legisla\/legislacao.nsf\/Viw_Identificacao\/lei%2013.709-2018?OpenDocument\" target=\"_blank\" rel=\"noreferrer noopener\">Lei N\u00ba 13.709, de 14 de Agosto de 2018<\/a>, tamb\u00e9m conhecida como Lei Geral de Prote\u00e7\u00e3o de Dados Pessoais (LGPD), foi criada com o intuito fazer com que o cidad\u00e3o brasileiro tenha um controle sobre os seus dados pessoais e tamb\u00e9m para estabelecer diretrizes quanto ao tratamento desses dados por parte das organiza\u00e7\u00f5es p\u00fablicas e privadas.<\/p>\n\n\n\n<p>Um dos grandes benef\u00edcios da LGPD \u00e9 o aumento da transpar\u00eancia com rela\u00e7\u00e3o ao tratamento dos dados pessoais. A Lei define que \u00e9 direito do cidad\u00e3o saber exatamente quais dos seus dados est\u00e3o sendo coletados, o porqu\u00ea, quem est\u00e1 compartilhando e como esses dados est\u00e3o sendo tratados.<\/p>\n\n\n\n<p>Outro benef\u00edcio \u00e9 a seguran\u00e7a jur\u00eddica sobre o tratamento dos dados, j\u00e1 que fornece aparato para que o titular tenha maior controle sobre a coleta e utiliza\u00e7\u00e3o de seus dados. Dentro dos direitos dos titulares, previstos pela LGPD, destacam-se:<\/p>\n\n\n\n<ul>\n<li>O direito de ter a confirma\u00e7\u00e3o da exist\u00eancia do tratamento;<\/li>\n\n\n\n<li>Acesso aos dados coletados;<\/li>\n\n\n\n<li>Corre\u00e7\u00e3o de dados incompletos ou desatualizados;<\/li>\n\n\n\n<li>Anonima\u00e7\u00e3o, bloqueio ou elimina\u00e7\u00e3o de dados desnecess\u00e1rios, excessivos ou tratados sem estar em conformidade com a Lei;<\/li>\n\n\n\n<li>Elimina\u00e7\u00e3o de dados, entre outros.<\/li>\n<\/ul>\n\n\n\n<p><\/p>\n\n\n\n<h3><strong>LGPD para quem trata os dados pessoais<\/strong><\/h3>\n\n\n\n<p>Para os tratadores dos dados, sejam eles o poder p\u00fablico, grandes ou pequenas empresas, a LGPD veio para trazer mais seguran\u00e7a jur\u00eddica, permitindo assim que haja uma gest\u00e3o mais eficiente de riscos. Por\u00e9m, para que as organiza\u00e7\u00f5es estejam alinhadas com a Lei \u00e9 necess\u00e1rio empenho, investimento e eleva\u00e7\u00e3o das pol\u00edticas de seguran\u00e7a interna.&nbsp;<\/p>\n\n\n\n<p>As organiza\u00e7\u00f5es devem elevar seu padr\u00e3o de ciberseguran\u00e7a, investindo em peso para que os dados coletados sejam tratados de forma adequada, evitando que vulnerabilidades venham a expor ou abrir brechas para que cibercriminosos tenham acesso a eles. Isso far\u00e1 com que, al\u00e9m de se manter em conformidade com a LGPD, evitem duplamente preju\u00edzos financeiros: n\u00e3o pagando multas por inconsist\u00eancias com a LEI, nem pagando valores exorbitantes para cibercriminosos em troca de dados vazados.<\/p>\n\n\n\n<p>Acompanhe algumas das obriga\u00e7\u00f5es de quem trata os dados:<\/p>\n\n\n\n<ul>\n<li>Realizar o tratamento de dados pessoais em conformidade com a LGPD;<\/li>\n\n\n\n<li>Manter registro das opera\u00e7\u00f5es de tratamento de dados;<\/li>\n\n\n\n<li>Elaborar relat\u00f3rio de impacto \u00e0 prote\u00e7\u00e3o de dados quando o tratamento puder suscitar maiores riscos aos titulares;<\/li>\n\n\n\n<li>Informar ao titular dos dados e \u00e0 ANPD as viola\u00e7\u00f5es de seguran\u00e7a dos dados pessoais que venham a ocorrer, com as devidas medidas de conten\u00e7\u00e3o ou mitiga\u00e7\u00e3o;<\/li>\n\n\n\n<li>Divulgar os tipos de dados coletados;<\/li>\n\n\n\n<li>Descrever a metodologia utilizada para a coleta e compartilhamento de dados;<\/li>\n\n\n\n<li>Descrever a metodologia utilizada para garantir a seguran\u00e7a das informa\u00e7\u00f5es;<\/li>\n\n\n\n<li>Avaliar de forma permanente as salvaguardas e os mecanismos de mitiga\u00e7\u00e3o de riscos adotados;<\/li>\n\n\n\n<li>Orientar os funcion\u00e1rios e terceirizados a respeito das pr\u00e1ticas a serem tomadas no correto tratamento dos dados;<\/li>\n\n\n\n<li>Executar as demais atribui\u00e7\u00f5es estabelecidas em normas emitidas pela ANPD.<\/li>\n<\/ul>\n\n\n\n<p><\/p>\n\n\n\n<h3><strong>O que fazer em caso de viola\u00e7\u00e3o de direitos?<\/strong><\/h3>\n\n\n\n<p>Para os titulares dos dados, caso verifiquem viola\u00e7\u00e3o dos seus direitos, deve ser reunido todas as provas, como e-mails, prints de aplicativos de mensagens, not\u00edcias, comunica\u00e7\u00e3o da organiza\u00e7\u00e3o sobre o incidente, entre outras.&nbsp;<\/p>\n\n\n\n<p>Com todas as informa\u00e7\u00f5es pertinentes em m\u00e3os, deve-se procurar a empresa respons\u00e1vel e informar o ocorrido, anotando os dados relacionados ao atendimento (como orienta\u00e7\u00f5es e n\u00famero de protocolo) e guardando as mensagens e e-mails encaminhados.&nbsp;<\/p>\n\n\n\n<p>Caso a sua reclama\u00e7\u00e3o n\u00e3o seja solucionada procure a ANPD para denunciar a viola\u00e7\u00e3o dos seus direitos. Voc\u00ea pode abrir uma reclama\u00e7\u00e3o junto a autoridade seguindo as informa\u00e7\u00f5es nos canais de atendimento <a href=\"https:\/\/www.gov.br\/anpd\" target=\"_blank\" rel=\"noreferrer noopener\">https:\/\/www.gov.br\/anpd<\/a>. Com isso \u00e9 poss\u00edvel instaurar um processo administrativo contra a organiza\u00e7\u00e3o, resultando na aplica\u00e7\u00e3o das penas previstas na LGPD.<\/p>\n\n\n\n<p>Quando a viola\u00e7\u00e3o for em uma rela\u00e7\u00e3o de consumo, deve-se registrar uma reclama\u00e7\u00e3o no <strong>Consumidor.gov.br<\/strong> e\/ou perante as autoridades de prote\u00e7\u00e3o e defesa do consumidor, como Procons, Defensorias P\u00fablicas, Minist\u00e9rios P\u00fablicos etc.&nbsp;<\/p>\n\n\n\n<p>Acessando a plataforma&nbsp; <a href=\"https:\/\/consumidor.gov.br\/pages\/principal\/?1635964786604\" target=\"_blank\" rel=\"noreferrer noopener\"><strong>Consumidor.gov.br<\/strong><\/a> voc\u00ea consegue come\u00e7ar a comunica\u00e7\u00e3o com a empresa de forma r\u00e1pida, diretamente da sua casa. Ela \u00e9 um servi\u00e7o p\u00fablico e gratuito, mantido pela Secretaria Nacional do Consumidor (Senacon), do Minist\u00e9rio da Justi\u00e7a e Seguran\u00e7a P\u00fablica (MJSP) e conta com mais de 1000 empresas participantes e um \u00edndice m\u00e9dio de solu\u00e7\u00e3o de 78%.<\/p>\n\n\n\n<p><\/p>\n\n\n\n<h3><strong>Como a ciberseguran\u00e7a \u00e9 aliada na LGPD?<\/strong><\/h3>\n\n\n\n<p>Comentamos anteriormente sobre a import\u00e2ncia de elevar os padr\u00f5es de ciberseguran\u00e7a para auxiliar no controle e tratamento de dados pessoais e evitar diversos preju\u00edzos. Para saber mais, preparamos um material completo para download sobre <a href=\"https:\/\/conteudo.xlabs.com.br\/o-papel-da-ciberseguranca-na-adequacao-a-lgpd\" target=\"_blank\" rel=\"noreferrer noopener\"><strong>O papel da ciberseguran\u00e7a na adequa\u00e7\u00e3o a LGPD<\/strong><\/a>.<\/p>\n\n\n\n<p>A XLabs Security tamb\u00e9m disp\u00f5e de servi\u00e7os altamente qualificados e especializados para auxiliar voc\u00ea a elevar os padr\u00f5es de seguran\u00e7a e garantir o alinhamento com a LGPD, como o Pentest (ou teste de intrus\u00e3o) e o WAF (Web Application Firewall), que pode ter sua efic\u00e1cia comprovada em um trial de 15 dias. <a href=\"https:\/\/conteudo.xlabs.com.br\/demonstracao-gratuita-waf\" target=\"_blank\" rel=\"noreferrer noopener\">Solicite agora mesmo sua avalia\u00e7\u00e3o gratuita!<\/a><\/p>\n\n\n\n<p>N\u00e3o sabe exatamente por onde come\u00e7ar ou qual servi\u00e7o escolher? <a href=\"https:\/\/conteudo.xlabs.com.br\/especialistas\" target=\"_blank\" rel=\"noreferrer noopener\">Fale agora mesmo com nossos especialistas<\/a>, eles est\u00e3o prontos para auxiliar voc\u00ea!<\/p>\n","protected":false},"excerpt":{"rendered":"<p>Hoje, dia 28 de Janeiro, \u00e9 comemorado o Dia Internacional da Prote\u00e7\u00e3o de Dados, e n\u00e3o poder\u00edamos deixar de falar sobre a LGPD e a prote\u00e7\u00e3o de dados. Em plena vig\u00eancia da Lei, \u00e9 de extrema import\u00e2ncia refor\u00e7ar sobre o que ela trata e quais cuidados voc\u00ea deve ter \u2013 seja como usu\u00e1rio ou empresa. [&hellip;]<\/p>\n","protected":false},"author":11,"featured_media":1790,"comment_status":"closed","ping_status":"closed","sticky":false,"template":"","format":"standard","meta":[],"categories":[4],"tags":[238,51,99,98],"yoast_head":"<!-- This site is optimized with the Yoast SEO plugin v20.0 - https:\/\/yoast.com\/wordpress\/plugins\/seo\/ -->\n<title>LGPD e a prote\u00e7\u00e3o de dados &ndash; XLabs Security Blog<\/title>\n<meta name=\"description\" content=\"Hoje, dia 28 de Janeiro, \u00e9 comemorado o Dia Internacional da Prote\u00e7\u00e3o de Dados, e n\u00e3o poder\u00edamos deixar de falar sobre a LGPD e a prote\u00e7\u00e3o de dados.\" \/>\n<meta name=\"robots\" content=\"index, follow, max-snippet:-1, max-image-preview:large, max-video-preview:-1\" \/>\n<link rel=\"canonical\" href=\"https:\/\/www.xlabs.com.br\/blog\/lgpd-e-a-protecao-de-dados\/\" \/>\n<meta property=\"og:locale\" content=\"pt_BR\" \/>\n<meta property=\"og:type\" content=\"article\" \/>\n<meta property=\"og:title\" content=\"LGPD e a prote\u00e7\u00e3o de dados &ndash; XLabs Security Blog\" \/>\n<meta property=\"og:description\" content=\"Hoje, dia 28 de Janeiro, \u00e9 comemorado o Dia Internacional da Prote\u00e7\u00e3o de Dados, e n\u00e3o poder\u00edamos deixar de falar sobre a LGPD e a prote\u00e7\u00e3o de dados.\" \/>\n<meta property=\"og:url\" content=\"https:\/\/www.xlabs.com.br\/blog\/lgpd-e-a-protecao-de-dados\/\" \/>\n<meta property=\"og:site_name\" content=\"XLabs Security Blog\" \/>\n<meta property=\"article:publisher\" content=\"https:\/\/www.facebook.com\/xlabs\" \/>\n<meta property=\"article:published_time\" content=\"2022-01-27T12:00:00+00:00\" \/>\n<meta property=\"article:modified_time\" content=\"2023-02-10T22:12:08+00:00\" \/>\n<meta property=\"og:image\" content=\"https:\/\/www.xlabs.com.br\/blog\/wp-content\/uploads\/2021\/11\/LGPD-e-a-protecao-de-dados-blog-post-xlabs.png\" \/>\n\t<meta property=\"og:image:width\" content=\"1000\" \/>\n\t<meta property=\"og:image:height\" content=\"488\" \/>\n\t<meta property=\"og:image:type\" content=\"image\/png\" \/>\n<meta name=\"author\" content=\"Evelyn Rocha\" \/>\n<meta name=\"twitter:card\" content=\"summary_large_image\" \/>\n<meta name=\"twitter:title\" content=\"LGPD e a prote\u00e7\u00e3o de dados &ndash; XLabs Security Blog\" \/>\n<meta name=\"twitter:description\" content=\"Hoje, dia 28 de Janeiro, \u00e9 comemorado o Dia Internacional da Prote\u00e7\u00e3o de Dados, e n\u00e3o poder\u00edamos deixar de falar sobre a LGPD e a prote\u00e7\u00e3o de dados.\" \/>\n<meta name=\"twitter:image\" content=\"https:\/\/www.xlabs.com.br\/blog\/wp-content\/uploads\/2021\/11\/LGPD-e-a-protecao-de-dados-blog-post-xlabs.png\" \/>\n<meta name=\"twitter:label1\" content=\"Escrito por\" \/>\n\t<meta name=\"twitter:data1\" content=\"Evelyn Rocha\" \/>\n\t<meta name=\"twitter:label2\" content=\"Est. tempo de leitura\" \/>\n\t<meta name=\"twitter:data2\" content=\"7 minutos\" \/>\n<script type=\"application\/ld+json\" class=\"yoast-schema-graph\">{\"@context\":\"https:\/\/schema.org\",\"@graph\":[{\"@type\":\"Article\",\"@id\":\"https:\/\/www.xlabs.com.br\/blog\/lgpd-e-a-protecao-de-dados\/#article\",\"isPartOf\":{\"@id\":\"https:\/\/www.xlabs.com.br\/blog\/lgpd-e-a-protecao-de-dados\/\"},\"author\":{\"name\":\"Evelyn Rocha\",\"@id\":\"https:\/\/www.xlabs.com.br\/blog\/#\/schema\/person\/186fa2419710709368bfa220767edb4b\"},\"headline\":\"LGPD e a prote\u00e7\u00e3o de dados\",\"datePublished\":\"2022-01-27T12:00:00+00:00\",\"dateModified\":\"2023-02-10T22:12:08+00:00\",\"mainEntityOfPage\":{\"@id\":\"https:\/\/www.xlabs.com.br\/blog\/lgpd-e-a-protecao-de-dados\/\"},\"wordCount\":1335,\"publisher\":{\"@id\":\"https:\/\/www.xlabs.com.br\/blog\/#organization\"},\"keywords\":[\"LGPD\",\"Pentest\",\"WAF\",\"Web Application Firewall\"],\"articleSection\":[\"Artigos\"],\"inLanguage\":\"pt-BR\"},{\"@type\":\"WebPage\",\"@id\":\"https:\/\/www.xlabs.com.br\/blog\/lgpd-e-a-protecao-de-dados\/\",\"url\":\"https:\/\/www.xlabs.com.br\/blog\/lgpd-e-a-protecao-de-dados\/\",\"name\":\"LGPD e a prote\u00e7\u00e3o de dados &ndash; XLabs Security Blog\",\"isPartOf\":{\"@id\":\"https:\/\/www.xlabs.com.br\/blog\/#website\"},\"datePublished\":\"2022-01-27T12:00:00+00:00\",\"dateModified\":\"2023-02-10T22:12:08+00:00\",\"description\":\"Hoje, dia 28 de Janeiro, \u00e9 comemorado o Dia Internacional da Prote\u00e7\u00e3o de Dados, e n\u00e3o poder\u00edamos deixar de falar sobre a LGPD e a prote\u00e7\u00e3o de dados.\",\"breadcrumb\":{\"@id\":\"https:\/\/www.xlabs.com.br\/blog\/lgpd-e-a-protecao-de-dados\/#breadcrumb\"},\"inLanguage\":\"pt-BR\",\"potentialAction\":[{\"@type\":\"ReadAction\",\"target\":[\"https:\/\/www.xlabs.com.br\/blog\/lgpd-e-a-protecao-de-dados\/\"]}]},{\"@type\":\"BreadcrumbList\",\"@id\":\"https:\/\/www.xlabs.com.br\/blog\/lgpd-e-a-protecao-de-dados\/#breadcrumb\",\"itemListElement\":[{\"@type\":\"ListItem\",\"position\":1,\"name\":\"In\u00edcio\",\"item\":\"https:\/\/www.xlabs.com.br\/blog\/\"},{\"@type\":\"ListItem\",\"position\":2,\"name\":\"LGPD e a prote\u00e7\u00e3o de dados\"}]},{\"@type\":\"WebSite\",\"@id\":\"https:\/\/www.xlabs.com.br\/blog\/#website\",\"url\":\"https:\/\/www.xlabs.com.br\/blog\/\",\"name\":\"XLabs Security Blog\",\"description\":\"Seguran\u00e7a da Informa\u00e7\u00e3o\",\"publisher\":{\"@id\":\"https:\/\/www.xlabs.com.br\/blog\/#organization\"},\"potentialAction\":[{\"@type\":\"SearchAction\",\"target\":{\"@type\":\"EntryPoint\",\"urlTemplate\":\"https:\/\/www.xlabs.com.br\/blog\/?s={search_term_string}\"},\"query-input\":\"required name=search_term_string\"}],\"inLanguage\":\"pt-BR\"},{\"@type\":\"Organization\",\"@id\":\"https:\/\/www.xlabs.com.br\/blog\/#organization\",\"name\":\"XLabs Security\",\"url\":\"https:\/\/www.xlabs.com.br\/blog\/\",\"logo\":{\"@type\":\"ImageObject\",\"inLanguage\":\"pt-BR\",\"@id\":\"https:\/\/www.xlabs.com.br\/blog\/#\/schema\/logo\/image\/\",\"url\":\"https:\/\/www.xlabs.com.br\/blog\/wp-content\/uploads\/2020\/11\/Logotipo.png\",\"contentUrl\":\"https:\/\/www.xlabs.com.br\/blog\/wp-content\/uploads\/2020\/11\/Logotipo.png\",\"width\":478,\"height\":168,\"caption\":\"XLabs Security\"},\"image\":{\"@id\":\"https:\/\/www.xlabs.com.br\/blog\/#\/schema\/logo\/image\/\"},\"sameAs\":[\"https:\/\/www.instagram.com\/xlabs.security\",\"https:\/\/www.linkedin.com\/company\/xlabs-security\/\",\"https:\/\/www.youtube.com\/channel\/UCPbGDmCQI7_UcAPmvVLi58g?view_as=subscriber\",\"https:\/\/www.facebook.com\/xlabs\"]},{\"@type\":\"Person\",\"@id\":\"https:\/\/www.xlabs.com.br\/blog\/#\/schema\/person\/186fa2419710709368bfa220767edb4b\",\"name\":\"Evelyn Rocha\",\"image\":{\"@type\":\"ImageObject\",\"inLanguage\":\"pt-BR\",\"@id\":\"https:\/\/www.xlabs.com.br\/blog\/#\/schema\/person\/image\/\",\"url\":\"https:\/\/secure.gravatar.com\/avatar\/fbfd8fc83a660edc367ca0dfbbb18e2e?s=96&d=mm&r=g\",\"contentUrl\":\"https:\/\/secure.gravatar.com\/avatar\/fbfd8fc83a660edc367ca0dfbbb18e2e?s=96&d=mm&r=g\",\"caption\":\"Evelyn Rocha\"},\"sameAs\":[\"http:\/\/www.xlabs.com.br\"],\"url\":\"https:\/\/www.xlabs.com.br\/blog\/author\/evelyn-rocha\/\"}]}<\/script>\n<!-- \/ Yoast SEO plugin. -->","yoast_head_json":{"title":"LGPD e a prote\u00e7\u00e3o de dados &ndash; XLabs Security Blog","description":"Hoje, dia 28 de Janeiro, \u00e9 comemorado o Dia Internacional da Prote\u00e7\u00e3o de Dados, e n\u00e3o poder\u00edamos deixar de falar sobre a LGPD e a prote\u00e7\u00e3o de dados.","robots":{"index":"index","follow":"follow","max-snippet":"max-snippet:-1","max-image-preview":"max-image-preview:large","max-video-preview":"max-video-preview:-1"},"canonical":"https:\/\/www.xlabs.com.br\/blog\/lgpd-e-a-protecao-de-dados\/","og_locale":"pt_BR","og_type":"article","og_title":"LGPD e a prote\u00e7\u00e3o de dados &ndash; XLabs Security Blog","og_description":"Hoje, dia 28 de Janeiro, \u00e9 comemorado o Dia Internacional da Prote\u00e7\u00e3o de Dados, e n\u00e3o poder\u00edamos deixar de falar sobre a LGPD e a prote\u00e7\u00e3o de dados.","og_url":"https:\/\/www.xlabs.com.br\/blog\/lgpd-e-a-protecao-de-dados\/","og_site_name":"XLabs Security Blog","article_publisher":"https:\/\/www.facebook.com\/xlabs","article_published_time":"2022-01-27T12:00:00+00:00","article_modified_time":"2023-02-10T22:12:08+00:00","og_image":[{"width":1000,"height":488,"url":"https:\/\/www.xlabs.com.br\/blog\/wp-content\/uploads\/2021\/11\/LGPD-e-a-protecao-de-dados-blog-post-xlabs.png","type":"image\/png"}],"author":"Evelyn Rocha","twitter_card":"summary_large_image","twitter_title":"LGPD e a prote\u00e7\u00e3o de dados &ndash; XLabs Security Blog","twitter_description":"Hoje, dia 28 de Janeiro, \u00e9 comemorado o Dia Internacional da Prote\u00e7\u00e3o de Dados, e n\u00e3o poder\u00edamos deixar de falar sobre a LGPD e a prote\u00e7\u00e3o de dados.","twitter_image":"https:\/\/www.xlabs.com.br\/blog\/wp-content\/uploads\/2021\/11\/LGPD-e-a-protecao-de-dados-blog-post-xlabs.png","twitter_misc":{"Escrito por":"Evelyn Rocha","Est. tempo de leitura":"7 minutos"},"schema":{"@context":"https:\/\/schema.org","@graph":[{"@type":"Article","@id":"https:\/\/www.xlabs.com.br\/blog\/lgpd-e-a-protecao-de-dados\/#article","isPartOf":{"@id":"https:\/\/www.xlabs.com.br\/blog\/lgpd-e-a-protecao-de-dados\/"},"author":{"name":"Evelyn Rocha","@id":"https:\/\/www.xlabs.com.br\/blog\/#\/schema\/person\/186fa2419710709368bfa220767edb4b"},"headline":"LGPD e a prote\u00e7\u00e3o de dados","datePublished":"2022-01-27T12:00:00+00:00","dateModified":"2023-02-10T22:12:08+00:00","mainEntityOfPage":{"@id":"https:\/\/www.xlabs.com.br\/blog\/lgpd-e-a-protecao-de-dados\/"},"wordCount":1335,"publisher":{"@id":"https:\/\/www.xlabs.com.br\/blog\/#organization"},"keywords":["LGPD","Pentest","WAF","Web Application Firewall"],"articleSection":["Artigos"],"inLanguage":"pt-BR"},{"@type":"WebPage","@id":"https:\/\/www.xlabs.com.br\/blog\/lgpd-e-a-protecao-de-dados\/","url":"https:\/\/www.xlabs.com.br\/blog\/lgpd-e-a-protecao-de-dados\/","name":"LGPD e a prote\u00e7\u00e3o de dados &ndash; XLabs Security Blog","isPartOf":{"@id":"https:\/\/www.xlabs.com.br\/blog\/#website"},"datePublished":"2022-01-27T12:00:00+00:00","dateModified":"2023-02-10T22:12:08+00:00","description":"Hoje, dia 28 de Janeiro, \u00e9 comemorado o Dia Internacional da Prote\u00e7\u00e3o de Dados, e n\u00e3o poder\u00edamos deixar de falar sobre a LGPD e a prote\u00e7\u00e3o de dados.","breadcrumb":{"@id":"https:\/\/www.xlabs.com.br\/blog\/lgpd-e-a-protecao-de-dados\/#breadcrumb"},"inLanguage":"pt-BR","potentialAction":[{"@type":"ReadAction","target":["https:\/\/www.xlabs.com.br\/blog\/lgpd-e-a-protecao-de-dados\/"]}]},{"@type":"BreadcrumbList","@id":"https:\/\/www.xlabs.com.br\/blog\/lgpd-e-a-protecao-de-dados\/#breadcrumb","itemListElement":[{"@type":"ListItem","position":1,"name":"In\u00edcio","item":"https:\/\/www.xlabs.com.br\/blog\/"},{"@type":"ListItem","position":2,"name":"LGPD e a prote\u00e7\u00e3o de dados"}]},{"@type":"WebSite","@id":"https:\/\/www.xlabs.com.br\/blog\/#website","url":"https:\/\/www.xlabs.com.br\/blog\/","name":"XLabs Security Blog","description":"Seguran\u00e7a da Informa\u00e7\u00e3o","publisher":{"@id":"https:\/\/www.xlabs.com.br\/blog\/#organization"},"potentialAction":[{"@type":"SearchAction","target":{"@type":"EntryPoint","urlTemplate":"https:\/\/www.xlabs.com.br\/blog\/?s={search_term_string}"},"query-input":"required name=search_term_string"}],"inLanguage":"pt-BR"},{"@type":"Organization","@id":"https:\/\/www.xlabs.com.br\/blog\/#organization","name":"XLabs Security","url":"https:\/\/www.xlabs.com.br\/blog\/","logo":{"@type":"ImageObject","inLanguage":"pt-BR","@id":"https:\/\/www.xlabs.com.br\/blog\/#\/schema\/logo\/image\/","url":"https:\/\/www.xlabs.com.br\/blog\/wp-content\/uploads\/2020\/11\/Logotipo.png","contentUrl":"https:\/\/www.xlabs.com.br\/blog\/wp-content\/uploads\/2020\/11\/Logotipo.png","width":478,"height":168,"caption":"XLabs Security"},"image":{"@id":"https:\/\/www.xlabs.com.br\/blog\/#\/schema\/logo\/image\/"},"sameAs":["https:\/\/www.instagram.com\/xlabs.security","https:\/\/www.linkedin.com\/company\/xlabs-security\/","https:\/\/www.youtube.com\/channel\/UCPbGDmCQI7_UcAPmvVLi58g?view_as=subscriber","https:\/\/www.facebook.com\/xlabs"]},{"@type":"Person","@id":"https:\/\/www.xlabs.com.br\/blog\/#\/schema\/person\/186fa2419710709368bfa220767edb4b","name":"Evelyn Rocha","image":{"@type":"ImageObject","inLanguage":"pt-BR","@id":"https:\/\/www.xlabs.com.br\/blog\/#\/schema\/person\/image\/","url":"https:\/\/secure.gravatar.com\/avatar\/fbfd8fc83a660edc367ca0dfbbb18e2e?s=96&d=mm&r=g","contentUrl":"https:\/\/secure.gravatar.com\/avatar\/fbfd8fc83a660edc367ca0dfbbb18e2e?s=96&d=mm&r=g","caption":"Evelyn Rocha"},"sameAs":["http:\/\/www.xlabs.com.br"],"url":"https:\/\/www.xlabs.com.br\/blog\/author\/evelyn-rocha\/"}]}},"_links":{"self":[{"href":"https:\/\/www.xlabs.com.br\/blog\/wp-json\/wp\/v2\/posts\/1789"}],"collection":[{"href":"https:\/\/www.xlabs.com.br\/blog\/wp-json\/wp\/v2\/posts"}],"about":[{"href":"https:\/\/www.xlabs.com.br\/blog\/wp-json\/wp\/v2\/types\/post"}],"author":[{"embeddable":true,"href":"https:\/\/www.xlabs.com.br\/blog\/wp-json\/wp\/v2\/users\/11"}],"replies":[{"embeddable":true,"href":"https:\/\/www.xlabs.com.br\/blog\/wp-json\/wp\/v2\/comments?post=1789"}],"version-history":[{"count":3,"href":"https:\/\/www.xlabs.com.br\/blog\/wp-json\/wp\/v2\/posts\/1789\/revisions"}],"predecessor-version":[{"id":1986,"href":"https:\/\/www.xlabs.com.br\/blog\/wp-json\/wp\/v2\/posts\/1789\/revisions\/1986"}],"wp:featuredmedia":[{"embeddable":true,"href":"https:\/\/www.xlabs.com.br\/blog\/wp-json\/wp\/v2\/media\/1790"}],"wp:attachment":[{"href":"https:\/\/www.xlabs.com.br\/blog\/wp-json\/wp\/v2\/media?parent=1789"}],"wp:term":[{"taxonomy":"category","embeddable":true,"href":"https:\/\/www.xlabs.com.br\/blog\/wp-json\/wp\/v2\/categories?post=1789"},{"taxonomy":"post_tag","embeddable":true,"href":"https:\/\/www.xlabs.com.br\/blog\/wp-json\/wp\/v2\/tags?post=1789"}],"curies":[{"name":"wp","href":"https:\/\/api.w.org\/{rel}","templated":true}]}}